{"id":1110,"date":"2015-04-24T18:13:09","date_gmt":"2015-04-24T18:13:09","guid":{"rendered":"http:\/\/digestivointegral.es\/?p=1110"},"modified":"2015-04-24T18:13:09","modified_gmt":"2015-04-24T18:13:09","slug":"manejo-integral-del-paciente-con-estrenimiento-cronico-2","status":"publish","type":"post","link":"https:\/\/digestivointegral.es\/index.php\/manejo-integral-del-paciente-con-estrenimiento-cronico-2\/","title":{"rendered":"Manejo Integral del paciente con Estre\u00f1imiento Cr\u00f3nico"},"content":{"rendered":"<p>&nbsp;<\/p>\n<p>Ayer se celebro con total \u00e9xito de p\u00fablico la sesi\u00f3n sobre Manejo Integral del paciente con Estre\u00f1imiento Cr\u00f3nico, de las que os presentamos algunas im\u00e1genes.<\/p>\n<p>&nbsp;<\/p>\n<p><a href=\"http:\/\/digestivointegral.es\/wp-content\/uploads\/2015\/04\/DI1.jpg\"><img loading=\"lazy\" decoding=\"async\" class=\"alignnone size-full wp-image-1113\" src=\"http:\/\/digestivointegral.es\/wp-content\/uploads\/2015\/04\/DI1.jpg\" alt=\"DI1\" width=\"800\" height=\"450\" srcset=\"https:\/\/digestivointegral.es\/wp-content\/uploads\/2015\/04\/DI1.jpg 800w, https:\/\/digestivointegral.es\/wp-content\/uploads\/2015\/04\/DI1-300x169.jpg 300w\" sizes=\"auto, (max-width: 800px) 100vw, 800px\" \/><\/a>El Dr L\u00f3pez Casado (izquierda) y el Dr Su\u00e1rez Crespo (derecha) instantes antes de iniciar la sesi\u00f3n sobre \u00abManejo Integral del paciente con Estre\u00f1imiento Cr\u00f3nico\u00bb, celebrada ayer en Granada y patrocinada por Laboratorios Norgine.<\/p>\n<p>&nbsp;<\/p>\n<p><a href=\"http:\/\/digestivointegral.es\/wp-content\/uploads\/2015\/04\/di2.jpg\"><img loading=\"lazy\" decoding=\"async\" class=\"alignnone size-full wp-image-1114\" src=\"http:\/\/digestivointegral.es\/wp-content\/uploads\/2015\/04\/di2.jpg\" alt=\"di2\" width=\"800\" height=\"450\" srcset=\"https:\/\/digestivointegral.es\/wp-content\/uploads\/2015\/04\/di2.jpg 800w, https:\/\/digestivointegral.es\/wp-content\/uploads\/2015\/04\/di2-300x169.jpg 300w\" sizes=\"auto, (max-width: 800px) 100vw, 800px\" \/><\/a>A la reuni\u00f3n asistieron m\u00e1s de 50 m\u00e9dicos, destacando la presencia de numerosos Pediatras de atenci\u00f3n primaria y hospitalaria. Tambi\u00e9n asistieron cirujanos pedi\u00e1tricos y m\u00e9dicos gastroenter\u00f3logos de adultos.<\/p>\n<p>El Dr L\u00f3pez Casado habl\u00f3 sobre la definici\u00f3n de estre\u00f1imiento, las diferencias cl\u00ednicas entre estre\u00f1imiento cr\u00f3nico funcional y org\u00e1nico y acabo la charla con las bases del tratamiento m\u00e9dico, destacando sobre todo el papel del Polietilenglicol tanto el tratamiento de desimpactaci\u00f3n fecal como en el mantenimiento para evitar recidivas.<\/p>\n<p>&nbsp;<\/p>\n<p><a href=\"http:\/\/digestivointegral.es\/wp-content\/uploads\/2015\/04\/di3.jpg\"><img loading=\"lazy\" decoding=\"async\" class=\"alignnone size-full wp-image-1115\" src=\"http:\/\/digestivointegral.es\/wp-content\/uploads\/2015\/04\/di3.jpg\" alt=\"di3\" width=\"800\" height=\"450\" srcset=\"https:\/\/digestivointegral.es\/wp-content\/uploads\/2015\/04\/di3.jpg 800w, https:\/\/digestivointegral.es\/wp-content\/uploads\/2015\/04\/di3-300x169.jpg 300w\" sizes=\"auto, (max-width: 800px) 100vw, 800px\" \/><\/a>El Dr. Su\u00e1rez Crespo hablo ante un atento p\u00fablico de las t\u00e9cnicas de diagn\u00f3stico existentes en la actualidad, sobre en aquellas situaciones en las que se sospecha patolog\u00eda org\u00e1nica o existe un estre\u00f1imiento cr\u00f3nico funcional refractario al tratamiento convencional.<\/p>\n<p>Su charla por tanto la baso sobre todo en el uso de t\u00e9cnicas habituales en la consulta de Digestivo Integral como son la Manometr\u00eda anorrectal y el tiempo de tr\u00e1nsito col\u00f3nico con marcadores radiopacos. Tambi\u00e9n di\u00f3 una breves pinceladas sobre el papel del biofeedback en el tratamiento de esta patolog\u00eda tan com\u00fan en ni\u00f1os.<\/p>\n<p>&nbsp;<\/p>\n<p>&nbsp;<\/p>\n<p>&nbsp;<\/p>\n<p>&nbsp;<\/p>\n","protected":false},"excerpt":{"rendered":"<p>&nbsp; Ayer se celebro con total \u00e9xito de p\u00fablico la sesi\u00f3n sobre Manejo Integral del paciente con Estre\u00f1imiento Cr\u00f3nico, de las que os presentamos algunas im\u00e1genes. &nbsp; El Dr L\u00f3pez Casado (izquierda) y el Dr Su\u00e1rez Crespo (derecha) instantes antes de iniciar la sesi\u00f3n sobre \u00abManejo Integral del paciente con Estre\u00f1imiento Cr\u00f3nico\u00bb, celebrada ayer en &hellip; <\/p>\n<p><a class=\"more-link block-button\" href=\"https:\/\/digestivointegral.es\/index.php\/manejo-integral-del-paciente-con-estrenimiento-cronico-2\/\">Continuar leyendo &raquo;<\/a><\/p>\n","protected":false},"author":2,"featured_media":1113,"comment_status":"open","ping_status":"open","sticky":false,"template":"","format":"standard","meta":{"ngg_post_thumbnail":0,"footnotes":""},"categories":[5],"tags":[],"class_list":["post-1110","post","type-post","status-publish","format-standard","has-post-thumbnail","hentry","category-noticias-medicas"],"_links":{"self":[{"href":"https:\/\/digestivointegral.es\/index.php\/wp-json\/wp\/v2\/posts\/1110","targetHints":{"allow":["GET"]}}],"collection":[{"href":"https:\/\/digestivointegral.es\/index.php\/wp-json\/wp\/v2\/posts"}],"about":[{"href":"https:\/\/digestivointegral.es\/index.php\/wp-json\/wp\/v2\/types\/post"}],"author":[{"embeddable":true,"href":"https:\/\/digestivointegral.es\/index.php\/wp-json\/wp\/v2\/users\/2"}],"replies":[{"embeddable":true,"href":"https:\/\/digestivointegral.es\/index.php\/wp-json\/wp\/v2\/comments?post=1110"}],"version-history":[{"count":5,"href":"https:\/\/digestivointegral.es\/index.php\/wp-json\/wp\/v2\/posts\/1110\/revisions"}],"predecessor-version":[{"id":1120,"href":"https:\/\/digestivointegral.es\/index.php\/wp-json\/wp\/v2\/posts\/1110\/revisions\/1120"}],"wp:featuredmedia":[{"embeddable":true,"href":"https:\/\/digestivointegral.es\/index.php\/wp-json\/wp\/v2\/media\/1113"}],"wp:attachment":[{"href":"https:\/\/digestivointegral.es\/index.php\/wp-json\/wp\/v2\/media?parent=1110"}],"wp:term":[{"taxonomy":"category","embeddable":true,"href":"https:\/\/digestivointegral.es\/index.php\/wp-json\/wp\/v2\/categories?post=1110"},{"taxonomy":"post_tag","embeddable":true,"href":"https:\/\/digestivointegral.es\/index.php\/wp-json\/wp\/v2\/tags?post=1110"}],"curies":[{"name":"wp","href":"https:\/\/api.w.org\/{rel}","templated":true}]}}