{"id":1188,"date":"2015-10-20T09:04:57","date_gmt":"2015-10-20T09:04:57","guid":{"rendered":"http:\/\/digestivointegral.es\/?p=1188"},"modified":"2017-08-06T16:03:34","modified_gmt":"2017-08-06T16:03:34","slug":"sindrome-de-intestino-irritable-nuevas-ideas-para-los-no-creyentes","status":"publish","type":"post","link":"https:\/\/digestivointegral.es\/index.php\/sindrome-de-intestino-irritable-nuevas-ideas-para-los-no-creyentes\/","title":{"rendered":"S\u00edndrome de Intestino Irritable: nuevas ideas para los no creyentes"},"content":{"rendered":"<p><a href=\"http:\/\/digestivointegral.es\/wp-content\/uploads\/2015\/10\/congreso-1.jpg\"><img loading=\"lazy\" decoding=\"async\" class=\"alignright wp-image-1189 size-medium\" src=\"http:\/\/digestivointegral.es\/wp-content\/uploads\/2015\/10\/congreso-1-231x300.jpg\" alt=\"congreso 1\" width=\"231\" height=\"300\" srcset=\"https:\/\/digestivointegral.es\/wp-content\/uploads\/2015\/10\/congreso-1-231x300.jpg 231w, https:\/\/digestivointegral.es\/wp-content\/uploads\/2015\/10\/congreso-1.jpg 300w\" sizes=\"auto, (max-width: 231px) 100vw, 231px\" \/><\/a>En el marco de la XLVI Reuni\u00f3n anual de la\u00a0<a href=\"http:\/\/www.sapd.es\/\">Sociedad Andaluza de Patolog\u00eda Digestiva<\/a>\u00a0celebrada la semana pasada en Marbella y que ha reunido casi a 200 m\u00e9dicos especialistas en Aparato Digestivo, se ha organizado un simposio\u00a0con el t\u00edtulo: \u201cS\u00edndrome de intestino irritable, nuevas ideas para los no creyentes\u201d.<\/p>\n<p>En la mesa, patrocinada por <a href=\"http:\/\/www.almirall.es\/es\/\">Laboratorios Almirall<\/a>, han participado dos profesionales con amplia experiencia en el tema: la Dra \u00c1ngeles P\u00e9rez Aisa del Hospital Costa del Sol de Marbella y responsable de la Unidad de Pruebas Funcionales del Hospital Quir\u00f3n de M\u00e1laga, y el Dr. Jos\u00e9 Francisco Su\u00e1rez Crespo responsable de la Unidades de Exploraciones Funcionales del Hospital Torrec\u00e1rdenas de Almer\u00eda, Hospital Mediterr\u00e1neo de Almer\u00eda y Centro Digestivo Integral de Granada.<\/p>\n<p>La Dra. P\u00e9rez Aisa abri\u00f3 el simposio con una conferencia en la que hizo una minuciosa puesta al d\u00eda sobre la enfermedad, pero enfoc\u00e1ndola desde su vertiente m\u00e1s humana, es decir desde la a veces compleja relaci\u00f3n m\u00e9dico-paciente. As\u00ed nos habl\u00f3 de que a pesar de ser una enfermedad muy frecuente, ya que puede afectar a casi el 15% de la poblaci\u00f3n, es una patolog\u00eda que crea gran incertidumbre en el m\u00e9dico que la atiende ya que a\u00fan existen demasiadas lagunas en cuanto a sus posibles causas, es a veces dif\u00edcil de diagnosticar y la medicaci\u00f3n en muchas ocasiones no controla suficientemente sus s\u00edntomas. Pero el sentimiento de frustraci\u00f3n, seg\u00fan la Dra. P\u00e9rez Aisa, no solo queda en el m\u00e9dico, sino que es mutuo y de desconfianza por parte del paciente, ya que \u00e9stos con frecuencia se sienten incomprendidos y sobre todo mal escuchados por el m\u00e9dico, dan vueltas por el sistema sanitario sin soluci\u00f3n, haci\u00e9ndose continuas pruebas y visitando una y otra vez a varios m\u00e9dicos, consumiendo un alto n\u00famero de recursos sanitarios y sufriendo una mala calidad de vida por la ineficacia de la mayor\u00eda de los tratamientos. La Dra. P\u00e9rez Aisa de una forma gr\u00e1fica, durante su conferencia magistral, nos dijo que el paciente sufre 3 etapas bien definidas: la primera de shock ante el diagn\u00f3stico de la enfermedad, la segunda de alivio porque entiende que no es una patolog\u00eda grave o mortal y la tercera de frustraci\u00f3n ya que se le est\u00e1 dando el diagn\u00f3stico de una enfermedad cr\u00f3nica y recurrente, sin causa conocida y a veces de dif\u00edcil control. Para finalizar la Dra. P\u00e9rez Aisa nos dio un algoritmo de diagn\u00f3stico y otro de tratamiento, orientando este \u00faltimo hacia una medicina racional e individualizada en la que no solo priman los f\u00e1rmacos sino tambi\u00e9n las medidas higi\u00e9nico diet\u00e9ticas y sobre todo la informaci\u00f3n al paciente, al que siempre hay que dedicarle el tiempo necesario para informarle de su enfermedad y resolverle todas las dudas que a lo largo de los a\u00f1os se ir\u00e1n planteando.<\/p>\n<p>Posteriormente el Dr. Su\u00e1rez Crespo expuso un caso cl\u00ednico t\u00edpico de S\u00edndrome de Intestino Irritable predominio estre\u00f1imiento, pidi\u00e9ndose a la sala su participaci\u00f3n para resolverlo mediante un sistema interactivo en el que los asistentes pod\u00edan contestar a las preguntas que en el d\u00eda a d\u00eda se plantea el m\u00e9dico cuando atiende a estos pacientes, tanto para su diagn\u00f3stico como para su tratamiento, comprobando que a pesar de todo existe bastante unanimidad sobre el tema entre los digestivos all\u00ed presentes.<\/p>\n<p><a href=\"http:\/\/digestivointegral.es\/wp-content\/uploads\/2015\/10\/congreso-2.jpg\"><img loading=\"lazy\" decoding=\"async\" class=\"alignright wp-image-1191\" src=\"http:\/\/digestivointegral.es\/wp-content\/uploads\/2015\/10\/congreso-2-265x300.jpg\" alt=\"congreso 2\" width=\"231\" height=\"261\" srcset=\"https:\/\/digestivointegral.es\/wp-content\/uploads\/2015\/10\/congreso-2-265x300.jpg 265w, https:\/\/digestivointegral.es\/wp-content\/uploads\/2015\/10\/congreso-2.jpg 400w\" sizes=\"auto, (max-width: 231px) 100vw, 231px\" \/><\/a>Finalmente el Dr. Su\u00e1rez Crespo habl\u00f3 de la <a href=\"http:\/\/funcionales.es\/comercializada-linaclotida-un-nuevo-farmaco-para-el-sii-predominio-estrenimiento\/\">Linaclotida<\/a> (comercializada como Constella por Laboratorios Almirall), como \u00fanico f\u00e1rmaco que existe en la actualidad para el tratamiento integral de la enfermedad moderada o grave cuando lo que predomina es el estre\u00f1imiento, ya que este f\u00e1rmaco no solo es capaz de controlar \u00e9ste s\u00edntoma capital en un gran n\u00famero de pacientes, sino que adem\u00e1s mejora en la mayor\u00eda de los casos los s\u00edntomas asociados como son el dolor y distensi\u00f3n abdominal.<\/p>\n<p>Para cerrar la sesi\u00f3n y antes de abrir los micr\u00f3fonos a las preguntas de los asistentes, el Dr. Su\u00e1rez Crespo expuso a la sala las siguientes reflexiones que exponemos aqu\u00ed de forma integra, ya que reflejan fielmente la orientaci\u00f3n que se quiso dar a este simposio:<\/p>\n<ul>\n<li>Esto hay que tom\u00e1rselo en serio: la \u201c<em>patolog\u00eda funcional<\/em>\u201d representa m\u00e1s del 50% de la patolog\u00eda digestiva en general.<\/li>\n<li>El porcentaje de pacientes que salen de nuestra consulta con el diagn\u00f3stico de \u201c<em>paciente funcional<\/em>\u201d es directamente proporcional al grado de ignorancia que tenemos del origen org\u00e1nico de estas enfermedades.<\/li>\n<li>El s\u00edndrome del \u201c<em>paciente insaciable<\/em>\u201d, el que pide una y otra vez pruebas y da continuas vueltas por el sistema sanitario visitando varios m\u00e9dicos, es inversamente proporcional al grado de eficacia en el diagn\u00f3stico y tratamiento de su enfermedad.<\/li>\n<li>Ning\u00fan \u201c<em>paciente funcional<\/em>\u201d se inventa su enfermedad, es imposible que tantos, sin conocerse de nada, se pongan de acuerdo para contarnos una y otra vez el mismo \u201c<em>cuento chino<\/em>\u201d.<\/li>\n<li>Es una necesidad del \u201c<em>paciente funcional<\/em>\u201d ser escuchado por su m\u00e9dico y su m\u00e9dico siempre debe saber escucharlo. El \u201c<em>paciente funcional<\/em>\u201d no tiene la culpa de practiquemos una medicina a veces tan primitiva como la del siglo XIX y otras veces demasiado tecnificada como la del siglo XXI.<\/li>\n<li>Por todo lo anterior, los m\u00e9dicos que tratamos d\u00eda a d\u00eda a estos pacientes y creemos en el sustrato org\u00e1nico aunque desconocido de sus dolencias, estamos en la obligaci\u00f3n de investigar y dar nuevas ideas, sobre todo a los compa\u00f1eros no creyentes.<\/li>\n<\/ul>\n<p>\nPor \u00faltimo destacar que en el mismo acto se dio por creado oficialmente el Grupo de Trabajo Andaluz De Trastornos Funcionales Digestivos dependiente de la Sociedad Andaluza de Patolog\u00eda Digestiva y que durante los pr\u00f3ximos a\u00f1os desarrollar\u00e1 su actividad cient\u00edfica identificando a todos los profesionales andaluces con inter\u00e9s en esta \u00e1rea de conocimiento y organizar\u00e1 cursos de formaci\u00f3n dirigidos a residentes, enfocados sobre todo al manejo de las enfermedades funcionales digestivas y al conocimiento de las gu\u00edas cl\u00ednicas; adem\u00e1s promocionar\u00e1 estudios colaborativos y ensayos cl\u00ednicos, y finalmente asesorar\u00e1 a la Sociedad Andaluza de Patolog\u00eda Digestiva en el dise\u00f1o del programa cient\u00edfico de su congreso anual.<\/p>\n<p>&nbsp;<\/p>\n<p><a href=\"http:\/\/funcionales.es\/sindrome-de-intestino-irritable-nuevas-ideas-para-los-no-creyentes\/\">Noticia original en: www.funcionales.es\u00a0<\/a><\/p>\n<p>\n","protected":false},"excerpt":{"rendered":"<p>En el marco de la XLVI Reuni\u00f3n anual de la\u00a0Sociedad Andaluza de Patolog\u00eda Digestiva\u00a0celebrada la semana pasada en Marbella y que ha reunido casi a 200 m\u00e9dicos especialistas en Aparato Digestivo, se ha organizado un simposio\u00a0con el t\u00edtulo: \u201cS\u00edndrome de intestino irritable, nuevas ideas para los no creyentes\u201d. En la mesa, patrocinada por Laboratorios Almirall, &hellip; <\/p>\n<p><a class=\"more-link block-button\" href=\"https:\/\/digestivointegral.es\/index.php\/sindrome-de-intestino-irritable-nuevas-ideas-para-los-no-creyentes\/\">Continuar leyendo &raquo;<\/a><\/p>\n","protected":false},"author":2,"featured_media":1189,"comment_status":"open","ping_status":"open","sticky":false,"template":"","format":"standard","meta":{"ngg_post_thumbnail":0,"footnotes":""},"categories":[5],"tags":[],"class_list":["post-1188","post","type-post","status-publish","format-standard","has-post-thumbnail","hentry","category-noticias-medicas"],"_links":{"self":[{"href":"https:\/\/digestivointegral.es\/index.php\/wp-json\/wp\/v2\/posts\/1188","targetHints":{"allow":["GET"]}}],"collection":[{"href":"https:\/\/digestivointegral.es\/index.php\/wp-json\/wp\/v2\/posts"}],"about":[{"href":"https:\/\/digestivointegral.es\/index.php\/wp-json\/wp\/v2\/types\/post"}],"author":[{"embeddable":true,"href":"https:\/\/digestivointegral.es\/index.php\/wp-json\/wp\/v2\/users\/2"}],"replies":[{"embeddable":true,"href":"https:\/\/digestivointegral.es\/index.php\/wp-json\/wp\/v2\/comments?post=1188"}],"version-history":[{"count":9,"href":"https:\/\/digestivointegral.es\/index.php\/wp-json\/wp\/v2\/posts\/1188\/revisions"}],"predecessor-version":[{"id":1364,"href":"https:\/\/digestivointegral.es\/index.php\/wp-json\/wp\/v2\/posts\/1188\/revisions\/1364"}],"wp:featuredmedia":[{"embeddable":true,"href":"https:\/\/digestivointegral.es\/index.php\/wp-json\/wp\/v2\/media\/1189"}],"wp:attachment":[{"href":"https:\/\/digestivointegral.es\/index.php\/wp-json\/wp\/v2\/media?parent=1188"}],"wp:term":[{"taxonomy":"category","embeddable":true,"href":"https:\/\/digestivointegral.es\/index.php\/wp-json\/wp\/v2\/categories?post=1188"},{"taxonomy":"post_tag","embeddable":true,"href":"https:\/\/digestivointegral.es\/index.php\/wp-json\/wp\/v2\/tags?post=1188"}],"curies":[{"name":"wp","href":"https:\/\/api.w.org\/{rel}","templated":true}]}}