{"id":1200,"date":"2015-10-21T13:27:50","date_gmt":"2015-10-21T13:27:50","guid":{"rendered":"http:\/\/digestivointegral.es\/?p=1200"},"modified":"2017-08-06T16:01:59","modified_gmt":"2017-08-06T16:01:59","slug":"dos-de-cada-cinco-espanoles-no-saben-lo-que-es-el-sindrome-del-intestino-irritable","status":"publish","type":"post","link":"https:\/\/digestivointegral.es\/index.php\/dos-de-cada-cinco-espanoles-no-saben-lo-que-es-el-sindrome-del-intestino-irritable\/","title":{"rendered":"Dos de cada cinco espa\u00f1oles no saben lo que es el S\u00edndrome del Intestino Irritable"},"content":{"rendered":"<p>Hoy se ha celebrado el D\u00eda Nacional del S\u00edndrome del Intestino Irritable.<\/p>\n<p>La Fundaci\u00f3n Espa\u00f1ola del Aparato Digestivo ha publicado un video con el que se quiere realizar una concienciaci\u00f3n colectiva sobre esta patolog\u00eda que puede afectar hasta a un 15% de la poblaci\u00f3n.<\/p>\n<p>Sin embargo, a pesar de su alta frecuencia, la FEAD asegura que 2 de cada 5 espa\u00f1oles no conocen la enfermedad y que adem\u00e1s muchos pacientes la padecen sin haber consultado nunca con el m\u00e9dico.<\/p>\n<p>Aunque no es una enfermedad grave, si puede afectar en algunos casos a la calidad de vida, interfiriendo en las relaciones sociales y laborales, por lo que es importante que todos aquellos que lo padezcan lo conozcan y puedan as\u00ed recibir una adecuada atenci\u00f3n m\u00e9dica.<\/p>\n<p>&nbsp;<\/p>\n<p><iframe loading=\"lazy\" title=\"S\u00edndrome del Intestino Irritable - #ConoceDaleVoz\" width=\"500\" height=\"281\" src=\"https:\/\/www.youtube.com\/embed\/Ko2t04HzgIA?feature=oembed\" frameborder=\"0\" allow=\"accelerometer; autoplay; clipboard-write; encrypted-media; gyroscope; picture-in-picture; web-share\" referrerpolicy=\"strict-origin-when-cross-origin\" allowfullscreen><\/iframe><\/p>\n","protected":false},"excerpt":{"rendered":"<p>Hoy se ha celebrado el D\u00eda Nacional del S\u00edndrome del Intestino Irritable. La Fundaci\u00f3n Espa\u00f1ola del Aparato Digestivo ha publicado un video con el que se quiere realizar una concienciaci\u00f3n colectiva sobre esta patolog\u00eda que puede afectar hasta a un 15% de la poblaci\u00f3n. Sin embargo, a pesar de su alta frecuencia, la FEAD asegura &hellip; <\/p>\n<p><a class=\"more-link block-button\" href=\"https:\/\/digestivointegral.es\/index.php\/dos-de-cada-cinco-espanoles-no-saben-lo-que-es-el-sindrome-del-intestino-irritable\/\">Continuar leyendo &raquo;<\/a><\/p>\n","protected":false},"author":2,"featured_media":0,"comment_status":"open","ping_status":"open","sticky":false,"template":"","format":"standard","meta":{"ngg_post_thumbnail":0,"footnotes":""},"categories":[5],"tags":[],"class_list":["post-1200","post","type-post","status-publish","format-standard","hentry","category-noticias-medicas"],"_links":{"self":[{"href":"https:\/\/digestivointegral.es\/index.php\/wp-json\/wp\/v2\/posts\/1200","targetHints":{"allow":["GET"]}}],"collection":[{"href":"https:\/\/digestivointegral.es\/index.php\/wp-json\/wp\/v2\/posts"}],"about":[{"href":"https:\/\/digestivointegral.es\/index.php\/wp-json\/wp\/v2\/types\/post"}],"author":[{"embeddable":true,"href":"https:\/\/digestivointegral.es\/index.php\/wp-json\/wp\/v2\/users\/2"}],"replies":[{"embeddable":true,"href":"https:\/\/digestivointegral.es\/index.php\/wp-json\/wp\/v2\/comments?post=1200"}],"version-history":[{"count":6,"href":"https:\/\/digestivointegral.es\/index.php\/wp-json\/wp\/v2\/posts\/1200\/revisions"}],"predecessor-version":[{"id":1363,"href":"https:\/\/digestivointegral.es\/index.php\/wp-json\/wp\/v2\/posts\/1200\/revisions\/1363"}],"wp:attachment":[{"href":"https:\/\/digestivointegral.es\/index.php\/wp-json\/wp\/v2\/media?parent=1200"}],"wp:term":[{"taxonomy":"category","embeddable":true,"href":"https:\/\/digestivointegral.es\/index.php\/wp-json\/wp\/v2\/categories?post=1200"},{"taxonomy":"post_tag","embeddable":true,"href":"https:\/\/digestivointegral.es\/index.php\/wp-json\/wp\/v2\/tags?post=1200"}],"curies":[{"name":"wp","href":"https:\/\/api.w.org\/{rel}","templated":true}]}}